{"id":520,"date":"2009-01-28T13:31:55","date_gmt":"2009-01-28T08:31:55","guid":{"rendered":"http:\/\/matthieu.net\/blog\/?p=520"},"modified":"2011-03-09T13:49:00","modified_gmt":"2011-03-09T08:49:00","slug":"photo-de-montmartre-paris-sous-la-neige-de-noel","status":"publish","type":"post","link":"https:\/\/matthieu.net\/blog\/photo-de-montmartre-paris-sous-la-neige-de-noel\/","title":{"rendered":"Photo de Montmartre (Paris) sous la Neige de No\u00ebl"},"content":{"rendered":"<p style=\"text-align: center;\"><a class=\"tt-flickr tt-flickr-Medium\" href=\"http:\/\/www.flickr.com\/photos\/matthieu-aubry\/3213889432\/\"><img loading=\"lazy\" decoding=\"async\" class=\"aligncenter\" src=\"http:\/\/farm4.static.flickr.com\/3126\/3213889432_ff5617a7e0.jpg\" border=\"0\" alt=\"Montmartre sous la neige, Paris, France\" width=\"333\" height=\"500\" \/><\/a><\/p>\n<p style=\"text-align: center;\"><em>photo de Montmartre sous la neige, janvier 2009<\/em><\/p>\n<p>Je ne suis pas souvent sur Paris, donc je profite a chaque fois de chaque moment&#8230; c&#8217;est une ville que j&#8217;aime beaucoup, pleine d&#8217;histoire et majestueuse. Ce matin la, la veille de mon d\u00e9part&#8230; il neige \u00e0 Paris !!!<\/p>\n<p>Nous avons rendez vous avec Julien, on mange un sandwich sous l&#8217;arc de la d\u00e9fense, un bon symbole francais, avant de chacun partir pour une autre culture pendant plusieurs mois. Juju est copi &#8211; il a fait des formations avec Pascal &#8211; une bien longue histoire. Le sandwich de Paul est d\u00e9gust\u00e9 et une bonne discussion s&#8217;en suit. Je me d\u00e9cide de suivre les conseils de mon master parisien juju et de me diriger vers la cath\u00e9drale Notre Dame. Il neige depuis plusieurs heures, il commence \u00e0 so former un bon tapis de neige; et Paris est magnifique. Je d\u00e9cide alors de marcher une bonne heure dans la neige pour rejoindre Mont Martre &#8211; j&#8217;aime les clich\u00e9s. En chemin, je m&#8217;arr\u00eate par hasard \u00e0 un magasin de photographies, je regarde \u00e0 quelques photos de Paris.. et une de monmartre sous la neige en 1930.<\/p>\n<p>La photos ci dessus est la photo la plus proche imitation de la photo. Il s&#8217;avere impossible de prendre l&#8217;exacte meme photo : la disposition des arbres a change, et ils ont ajoute quelques poteaux. Paris sous la neige etait vraiment une belle experience de No\u00ebl<\/p>\n","protected":false},"excerpt":{"rendered":"<p>photo de Montmartre sous la neige, janvier 2009 Je ne suis pas souvent sur Paris, donc je profite a chaque fois de chaque moment&#8230; c&#8217;est&#8230;<\/p>\n<div class=\"more-link-wrapper\"><a class=\"more-link\" href=\"https:\/\/matthieu.net\/blog\/photo-de-montmartre-paris-sous-la-neige-de-noel\/\">Continue reading<span class=\"screen-reader-text\">Photo de Montmartre (Paris) sous la Neige de No\u00ebl<\/span><\/a><\/div>\n","protected":false},"author":1,"featured_media":0,"comment_status":"open","ping_status":"closed","sticky":false,"template":"","format":"standard","meta":{"footnotes":""},"categories":[22,8],"tags":[],"yoast_head":"<!-- This site is optimized with the Yoast SEO plugin v22.0 - https:\/\/yoast.com\/wordpress\/plugins\/seo\/ -->\n<title>Photo de Montmartre (Paris) sous la Neige de No\u00ebl  - Blog &amp; photos Matthieu<\/title>\n<meta name=\"robots\" content=\"index, follow, max-snippet:-1, max-image-preview:large, max-video-preview:-1\" \/>\n<link rel=\"canonical\" href=\"https:\/\/matthieu.net\/blog\/photo-de-montmartre-paris-sous-la-neige-de-noel\/\" \/>\n<meta property=\"og:locale\" content=\"en_US\" \/>\n<meta property=\"og:type\" content=\"article\" \/>\n<meta property=\"og:title\" content=\"Photo de Montmartre (Paris) sous la Neige de No\u00ebl  - Blog &amp; photos Matthieu\" \/>\n<meta property=\"og:description\" content=\"photo de Montmartre sous la neige, janvier 2009 Je ne suis pas souvent sur Paris, donc je profite a chaque fois de chaque moment&#8230; c&#8217;est&#8230;\" \/>\n<meta property=\"og:url\" content=\"https:\/\/matthieu.net\/blog\/photo-de-montmartre-paris-sous-la-neige-de-noel\/\" \/>\n<meta property=\"og:site_name\" content=\"Blog &amp; photos Matthieu\" \/>\n<meta property=\"article:published_time\" content=\"2009-01-28T08:31:55+00:00\" \/>\n<meta property=\"article:modified_time\" content=\"2011-03-09T08:49:00+00:00\" \/>\n<meta property=\"og:image\" content=\"http:\/\/farm4.static.flickr.com\/3126\/3213889432_ff5617a7e0.jpg\" \/>\n<meta name=\"author\" content=\"Matthieu\" \/>\n<meta name=\"twitter:label1\" content=\"Written by\" \/>\n\t<meta name=\"twitter:data1\" content=\"Matthieu\" \/>\n\t<meta name=\"twitter:label2\" content=\"Est. reading time\" \/>\n\t<meta name=\"twitter:data2\" content=\"1 minute\" \/>\n<script type=\"application\/ld+json\" class=\"yoast-schema-graph\">{\"@context\":\"https:\/\/schema.org\",\"@graph\":[{\"@type\":\"WebPage\",\"@id\":\"https:\/\/matthieu.net\/blog\/photo-de-montmartre-paris-sous-la-neige-de-noel\/\",\"url\":\"https:\/\/matthieu.net\/blog\/photo-de-montmartre-paris-sous-la-neige-de-noel\/\",\"name\":\"Photo de Montmartre (Paris) sous la Neige de No\u00ebl - Blog &amp; photos Matthieu\",\"isPartOf\":{\"@id\":\"https:\/\/matthieu.net\/blog\/#website\"},\"datePublished\":\"2009-01-28T08:31:55+00:00\",\"dateModified\":\"2011-03-09T08:49:00+00:00\",\"author\":{\"@id\":\"https:\/\/matthieu.net\/blog\/#\/schema\/person\/e613051a0b59c0378de5a3da7f04c9c5\"},\"breadcrumb\":{\"@id\":\"https:\/\/matthieu.net\/blog\/photo-de-montmartre-paris-sous-la-neige-de-noel\/#breadcrumb\"},\"inLanguage\":\"en-US\",\"potentialAction\":[{\"@type\":\"ReadAction\",\"target\":[\"https:\/\/matthieu.net\/blog\/photo-de-montmartre-paris-sous-la-neige-de-noel\/\"]}]},{\"@type\":\"BreadcrumbList\",\"@id\":\"https:\/\/matthieu.net\/blog\/photo-de-montmartre-paris-sous-la-neige-de-noel\/#breadcrumb\",\"itemListElement\":[{\"@type\":\"ListItem\",\"position\":1,\"name\":\"Home\",\"item\":\"https:\/\/matthieu.net\/blog\/\"},{\"@type\":\"ListItem\",\"position\":2,\"name\":\"Photo de Montmartre (Paris) sous la Neige de No\u00ebl\"}]},{\"@type\":\"WebSite\",\"@id\":\"https:\/\/matthieu.net\/blog\/#website\",\"url\":\"https:\/\/matthieu.net\/blog\/\",\"name\":\"Blog &amp; photos Matthieu\",\"description\":\"Blog Voyages &amp; Photographies de Matthieu Aubry, fran\u00e7ais en Nouvelle Z\u00e9lande.\",\"potentialAction\":[{\"@type\":\"SearchAction\",\"target\":{\"@type\":\"EntryPoint\",\"urlTemplate\":\"https:\/\/matthieu.net\/blog\/?s={search_term_string}\"},\"query-input\":\"required name=search_term_string\"}],\"inLanguage\":\"en-US\"},{\"@type\":\"Person\",\"@id\":\"https:\/\/matthieu.net\/blog\/#\/schema\/person\/e613051a0b59c0378de5a3da7f04c9c5\",\"name\":\"Matthieu\",\"description\":\"Blog de Matthieu Aubry, actuellement en Inde \u00e0 l'IIT Chennai pour 1 an. Geek power!\",\"sameAs\":[\"http:\/\/matthieu.net\/\"],\"url\":\"https:\/\/matthieu.net\/blog\/author\/admin\/\"}]}<\/script>\n<!-- \/ Yoast SEO plugin. -->","yoast_head_json":{"title":"Photo de Montmartre (Paris) sous la Neige de No\u00ebl  - Blog &amp; photos Matthieu","robots":{"index":"index","follow":"follow","max-snippet":"max-snippet:-1","max-image-preview":"max-image-preview:large","max-video-preview":"max-video-preview:-1"},"canonical":"https:\/\/matthieu.net\/blog\/photo-de-montmartre-paris-sous-la-neige-de-noel\/","og_locale":"en_US","og_type":"article","og_title":"Photo de Montmartre (Paris) sous la Neige de No\u00ebl  - Blog &amp; photos Matthieu","og_description":"photo de Montmartre sous la neige, janvier 2009 Je ne suis pas souvent sur Paris, donc je profite a chaque fois de chaque moment&#8230; c&#8217;est&#8230;","og_url":"https:\/\/matthieu.net\/blog\/photo-de-montmartre-paris-sous-la-neige-de-noel\/","og_site_name":"Blog &amp; photos Matthieu","article_published_time":"2009-01-28T08:31:55+00:00","article_modified_time":"2011-03-09T08:49:00+00:00","og_image":[{"url":"http:\/\/farm4.static.flickr.com\/3126\/3213889432_ff5617a7e0.jpg"}],"author":"Matthieu","twitter_misc":{"Written by":"Matthieu","Est. reading time":"1 minute"},"schema":{"@context":"https:\/\/schema.org","@graph":[{"@type":"WebPage","@id":"https:\/\/matthieu.net\/blog\/photo-de-montmartre-paris-sous-la-neige-de-noel\/","url":"https:\/\/matthieu.net\/blog\/photo-de-montmartre-paris-sous-la-neige-de-noel\/","name":"Photo de Montmartre (Paris) sous la Neige de No\u00ebl - Blog &amp; photos Matthieu","isPartOf":{"@id":"https:\/\/matthieu.net\/blog\/#website"},"datePublished":"2009-01-28T08:31:55+00:00","dateModified":"2011-03-09T08:49:00+00:00","author":{"@id":"https:\/\/matthieu.net\/blog\/#\/schema\/person\/e613051a0b59c0378de5a3da7f04c9c5"},"breadcrumb":{"@id":"https:\/\/matthieu.net\/blog\/photo-de-montmartre-paris-sous-la-neige-de-noel\/#breadcrumb"},"inLanguage":"en-US","potentialAction":[{"@type":"ReadAction","target":["https:\/\/matthieu.net\/blog\/photo-de-montmartre-paris-sous-la-neige-de-noel\/"]}]},{"@type":"BreadcrumbList","@id":"https:\/\/matthieu.net\/blog\/photo-de-montmartre-paris-sous-la-neige-de-noel\/#breadcrumb","itemListElement":[{"@type":"ListItem","position":1,"name":"Home","item":"https:\/\/matthieu.net\/blog\/"},{"@type":"ListItem","position":2,"name":"Photo de Montmartre (Paris) sous la Neige de No\u00ebl"}]},{"@type":"WebSite","@id":"https:\/\/matthieu.net\/blog\/#website","url":"https:\/\/matthieu.net\/blog\/","name":"Blog &amp; photos Matthieu","description":"Blog Voyages &amp; Photographies de Matthieu Aubry, fran\u00e7ais en Nouvelle Z\u00e9lande.","potentialAction":[{"@type":"SearchAction","target":{"@type":"EntryPoint","urlTemplate":"https:\/\/matthieu.net\/blog\/?s={search_term_string}"},"query-input":"required name=search_term_string"}],"inLanguage":"en-US"},{"@type":"Person","@id":"https:\/\/matthieu.net\/blog\/#\/schema\/person\/e613051a0b59c0378de5a3da7f04c9c5","name":"Matthieu","description":"Blog de Matthieu Aubry, actuellement en Inde \u00e0 l'IIT Chennai pour 1 an. Geek power!","sameAs":["http:\/\/matthieu.net\/"],"url":"https:\/\/matthieu.net\/blog\/author\/admin\/"}]}},"_links":{"self":[{"href":"https:\/\/matthieu.net\/blog\/wp-json\/wp\/v2\/posts\/520"}],"collection":[{"href":"https:\/\/matthieu.net\/blog\/wp-json\/wp\/v2\/posts"}],"about":[{"href":"https:\/\/matthieu.net\/blog\/wp-json\/wp\/v2\/types\/post"}],"author":[{"embeddable":true,"href":"https:\/\/matthieu.net\/blog\/wp-json\/wp\/v2\/users\/1"}],"replies":[{"embeddable":true,"href":"https:\/\/matthieu.net\/blog\/wp-json\/wp\/v2\/comments?post=520"}],"version-history":[{"count":4,"href":"https:\/\/matthieu.net\/blog\/wp-json\/wp\/v2\/posts\/520\/revisions"}],"predecessor-version":[{"id":782,"href":"https:\/\/matthieu.net\/blog\/wp-json\/wp\/v2\/posts\/520\/revisions\/782"}],"wp:attachment":[{"href":"https:\/\/matthieu.net\/blog\/wp-json\/wp\/v2\/media?parent=520"}],"wp:term":[{"taxonomy":"category","embeddable":true,"href":"https:\/\/matthieu.net\/blog\/wp-json\/wp\/v2\/categories?post=520"},{"taxonomy":"post_tag","embeddable":true,"href":"https:\/\/matthieu.net\/blog\/wp-json\/wp\/v2\/tags?post=520"}],"curies":[{"name":"wp","href":"https:\/\/api.w.org\/{rel}","templated":true}]}}