{"id":479,"date":"2008-10-07T10:30:12","date_gmt":"2008-10-07T05:30:12","guid":{"rendered":"http:\/\/matthieu.net\/blog\/?p=479"},"modified":"2011-03-10T13:12:06","modified_gmt":"2011-03-10T08:12:06","slug":"exposition-photo-conclusion","status":"publish","type":"post","link":"https:\/\/matthieu.net\/blog\/exposition-photo-conclusion\/","title":{"rendered":"Exposition photo: conclusion"},"content":{"rendered":"<p>Mon rapport d&#8217;\u00e9tonnement, \u00e9crit suite \u00e0 la r\u00e9alisation de mon <a href=\"http:\/\/matthieu.net\/expo-photo-inde\/\">Exposition photo sur une ann\u00e9e en Inde<\/a> est maintenant en ligne.<\/p>\n<p>Vous pouvez lire le rapport sur ce blog:<\/p>\n<ol>\n<li><a href=\"http:\/\/matthieu.net\/blog\/exposition-photo-inde\/\" target=\"_self\">Annonce initiale de l&#8217;exposition sur ce blog<\/a><\/li>\n<li><a href=\"http:\/\/matthieu.net\/blog\/rapport-detonnement-de-mon-exposition-photo-inde\/\">Introduction<\/a><\/li>\n<li><a href=\"http:\/\/matthieu.net\/blog\/exposition-photo-du-voyageexposition-photo-du-voyage\/\">Du voyage&#8230;<\/a><\/li>\n<li><a href=\"http:\/\/matthieu.net\/blog\/exposition-photo-a-lexpositionexposition-photo-a-lexposition\/\">&#8230; a l&#8217;exposition<\/a><\/li>\n<li><a href=\"http:\/\/matthieu.net\/blog\/exposition-photo-conclusionexposition-photo-conclusion\/\">Conclusion<\/a> (ce billet)<\/li>\n<\/ol>\n<p><strong>Conclusion<\/strong><\/p>\n<p>Le projet de cr\u00e9ation de l\u2019exposition dans le cadre du PPH fut une excellente exp\u00e9rience. J\u2019ai beaucoup aim\u00e9 mes poser de nouvelles questions, retrouver et revoir mes photos sous un autre jour gr\u00e2ce \u00e0 l\u2019\u0153il complice de No\u00ebl Podevigne. J\u2019esp\u00e8re avoir l\u2019occasion dans le futur de r\u00e9it\u00e9rer cette exp\u00e9rience.<\/p>\n<p><strong>R\u00e9f\u00e9rences<\/strong><br \/>\n<a href=\"http:\/\/www.vagabonding.com\/index.html\" target=\"_blank\">Vagabonding (Mike Pugh)<\/a><br \/>\n<a href=\"http:\/\/mesimagesdinde.blogspot.com\/\" target=\"_blank\">My Favorites Images from INDIA (Claude Renault) <\/a><br \/>\nLivre \u201cLa petite encyclop\u00e9die de la photographie\u201d de Brigitte Govignon<br \/>\nLivre \u201cPeuples du monde\u201d de Collectif<br \/>\n<a href=\"http:\/\/flickr.com\/photos\/matthieu-aubry\/\"><\/a><a href=\"http:\/\/matthieu.net\/expo-photo-inde\/\">Le mini site de l\u2019exposition<\/a><\/p>\n","protected":false},"excerpt":{"rendered":"<p>Mon rapport d&#8217;\u00e9tonnement, \u00e9crit suite \u00e0 la r\u00e9alisation de mon Exposition photo sur une ann\u00e9e en Inde est maintenant en ligne. Vous pouvez lire le&#8230;<\/p>\n<div class=\"more-link-wrapper\"><a class=\"more-link\" href=\"https:\/\/matthieu.net\/blog\/exposition-photo-conclusion\/\">Continue reading<span class=\"screen-reader-text\">Exposition photo: conclusion<\/span><\/a><\/div>\n","protected":false},"author":1,"featured_media":0,"comment_status":"open","ping_status":"open","sticky":false,"template":"","format":"standard","meta":{"footnotes":""},"categories":[3],"tags":[],"yoast_head":"<!-- This site is optimized with the Yoast SEO plugin v22.0 - https:\/\/yoast.com\/wordpress\/plugins\/seo\/ -->\n<title>Exposition photo: conclusion - Blog &amp; photos Matthieu<\/title>\n<meta name=\"robots\" content=\"index, follow, max-snippet:-1, max-image-preview:large, max-video-preview:-1\" \/>\n<link rel=\"canonical\" href=\"https:\/\/matthieu.net\/blog\/exposition-photo-conclusion\/\" \/>\n<meta property=\"og:locale\" content=\"en_US\" \/>\n<meta property=\"og:type\" content=\"article\" \/>\n<meta property=\"og:title\" content=\"Exposition photo: conclusion - Blog &amp; photos Matthieu\" \/>\n<meta property=\"og:description\" content=\"Mon rapport d&#8217;\u00e9tonnement, \u00e9crit suite \u00e0 la r\u00e9alisation de mon Exposition photo sur une ann\u00e9e en Inde est maintenant en ligne. Vous pouvez lire le&#8230;\" \/>\n<meta property=\"og:url\" content=\"https:\/\/matthieu.net\/blog\/exposition-photo-conclusion\/\" \/>\n<meta property=\"og:site_name\" content=\"Blog &amp; photos Matthieu\" \/>\n<meta property=\"article:published_time\" content=\"2008-10-07T05:30:12+00:00\" \/>\n<meta property=\"article:modified_time\" content=\"2011-03-10T08:12:06+00:00\" \/>\n<meta name=\"author\" content=\"Matthieu\" \/>\n<meta name=\"twitter:label1\" content=\"Written by\" \/>\n\t<meta name=\"twitter:data1\" content=\"Matthieu\" \/>\n\t<meta name=\"twitter:label2\" content=\"Est. reading time\" \/>\n\t<meta name=\"twitter:data2\" content=\"1 minute\" \/>\n<script type=\"application\/ld+json\" class=\"yoast-schema-graph\">{\"@context\":\"https:\/\/schema.org\",\"@graph\":[{\"@type\":\"WebPage\",\"@id\":\"https:\/\/matthieu.net\/blog\/exposition-photo-conclusion\/\",\"url\":\"https:\/\/matthieu.net\/blog\/exposition-photo-conclusion\/\",\"name\":\"Exposition photo: conclusion - Blog &amp; photos Matthieu\",\"isPartOf\":{\"@id\":\"https:\/\/matthieu.net\/blog\/#website\"},\"datePublished\":\"2008-10-07T05:30:12+00:00\",\"dateModified\":\"2011-03-10T08:12:06+00:00\",\"author\":{\"@id\":\"https:\/\/matthieu.net\/blog\/#\/schema\/person\/e613051a0b59c0378de5a3da7f04c9c5\"},\"breadcrumb\":{\"@id\":\"https:\/\/matthieu.net\/blog\/exposition-photo-conclusion\/#breadcrumb\"},\"inLanguage\":\"en-US\",\"potentialAction\":[{\"@type\":\"ReadAction\",\"target\":[\"https:\/\/matthieu.net\/blog\/exposition-photo-conclusion\/\"]}]},{\"@type\":\"BreadcrumbList\",\"@id\":\"https:\/\/matthieu.net\/blog\/exposition-photo-conclusion\/#breadcrumb\",\"itemListElement\":[{\"@type\":\"ListItem\",\"position\":1,\"name\":\"Home\",\"item\":\"https:\/\/matthieu.net\/blog\/\"},{\"@type\":\"ListItem\",\"position\":2,\"name\":\"Exposition photo: conclusion\"}]},{\"@type\":\"WebSite\",\"@id\":\"https:\/\/matthieu.net\/blog\/#website\",\"url\":\"https:\/\/matthieu.net\/blog\/\",\"name\":\"Blog &amp; photos Matthieu\",\"description\":\"Blog Voyages &amp; Photographies de Matthieu Aubry, fran\u00e7ais en Nouvelle Z\u00e9lande.\",\"potentialAction\":[{\"@type\":\"SearchAction\",\"target\":{\"@type\":\"EntryPoint\",\"urlTemplate\":\"https:\/\/matthieu.net\/blog\/?s={search_term_string}\"},\"query-input\":\"required name=search_term_string\"}],\"inLanguage\":\"en-US\"},{\"@type\":\"Person\",\"@id\":\"https:\/\/matthieu.net\/blog\/#\/schema\/person\/e613051a0b59c0378de5a3da7f04c9c5\",\"name\":\"Matthieu\",\"description\":\"Blog de Matthieu Aubry, actuellement en Inde \u00e0 l'IIT Chennai pour 1 an. Geek power!\",\"sameAs\":[\"http:\/\/matthieu.net\/\"],\"url\":\"https:\/\/matthieu.net\/blog\/author\/admin\/\"}]}<\/script>\n<!-- \/ Yoast SEO plugin. -->","yoast_head_json":{"title":"Exposition photo: conclusion - Blog &amp; photos Matthieu","robots":{"index":"index","follow":"follow","max-snippet":"max-snippet:-1","max-image-preview":"max-image-preview:large","max-video-preview":"max-video-preview:-1"},"canonical":"https:\/\/matthieu.net\/blog\/exposition-photo-conclusion\/","og_locale":"en_US","og_type":"article","og_title":"Exposition photo: conclusion - Blog &amp; photos Matthieu","og_description":"Mon rapport d&#8217;\u00e9tonnement, \u00e9crit suite \u00e0 la r\u00e9alisation de mon Exposition photo sur une ann\u00e9e en Inde est maintenant en ligne. Vous pouvez lire le&#8230;","og_url":"https:\/\/matthieu.net\/blog\/exposition-photo-conclusion\/","og_site_name":"Blog &amp; photos Matthieu","article_published_time":"2008-10-07T05:30:12+00:00","article_modified_time":"2011-03-10T08:12:06+00:00","author":"Matthieu","twitter_misc":{"Written by":"Matthieu","Est. reading time":"1 minute"},"schema":{"@context":"https:\/\/schema.org","@graph":[{"@type":"WebPage","@id":"https:\/\/matthieu.net\/blog\/exposition-photo-conclusion\/","url":"https:\/\/matthieu.net\/blog\/exposition-photo-conclusion\/","name":"Exposition photo: conclusion - Blog &amp; photos Matthieu","isPartOf":{"@id":"https:\/\/matthieu.net\/blog\/#website"},"datePublished":"2008-10-07T05:30:12+00:00","dateModified":"2011-03-10T08:12:06+00:00","author":{"@id":"https:\/\/matthieu.net\/blog\/#\/schema\/person\/e613051a0b59c0378de5a3da7f04c9c5"},"breadcrumb":{"@id":"https:\/\/matthieu.net\/blog\/exposition-photo-conclusion\/#breadcrumb"},"inLanguage":"en-US","potentialAction":[{"@type":"ReadAction","target":["https:\/\/matthieu.net\/blog\/exposition-photo-conclusion\/"]}]},{"@type":"BreadcrumbList","@id":"https:\/\/matthieu.net\/blog\/exposition-photo-conclusion\/#breadcrumb","itemListElement":[{"@type":"ListItem","position":1,"name":"Home","item":"https:\/\/matthieu.net\/blog\/"},{"@type":"ListItem","position":2,"name":"Exposition photo: conclusion"}]},{"@type":"WebSite","@id":"https:\/\/matthieu.net\/blog\/#website","url":"https:\/\/matthieu.net\/blog\/","name":"Blog &amp; photos Matthieu","description":"Blog Voyages &amp; Photographies de Matthieu Aubry, fran\u00e7ais en Nouvelle Z\u00e9lande.","potentialAction":[{"@type":"SearchAction","target":{"@type":"EntryPoint","urlTemplate":"https:\/\/matthieu.net\/blog\/?s={search_term_string}"},"query-input":"required name=search_term_string"}],"inLanguage":"en-US"},{"@type":"Person","@id":"https:\/\/matthieu.net\/blog\/#\/schema\/person\/e613051a0b59c0378de5a3da7f04c9c5","name":"Matthieu","description":"Blog de Matthieu Aubry, actuellement en Inde \u00e0 l'IIT Chennai pour 1 an. Geek power!","sameAs":["http:\/\/matthieu.net\/"],"url":"https:\/\/matthieu.net\/blog\/author\/admin\/"}]}},"_links":{"self":[{"href":"https:\/\/matthieu.net\/blog\/wp-json\/wp\/v2\/posts\/479"}],"collection":[{"href":"https:\/\/matthieu.net\/blog\/wp-json\/wp\/v2\/posts"}],"about":[{"href":"https:\/\/matthieu.net\/blog\/wp-json\/wp\/v2\/types\/post"}],"author":[{"embeddable":true,"href":"https:\/\/matthieu.net\/blog\/wp-json\/wp\/v2\/users\/1"}],"replies":[{"embeddable":true,"href":"https:\/\/matthieu.net\/blog\/wp-json\/wp\/v2\/comments?post=479"}],"version-history":[{"count":4,"href":"https:\/\/matthieu.net\/blog\/wp-json\/wp\/v2\/posts\/479\/revisions"}],"predecessor-version":[{"id":822,"href":"https:\/\/matthieu.net\/blog\/wp-json\/wp\/v2\/posts\/479\/revisions\/822"}],"wp:attachment":[{"href":"https:\/\/matthieu.net\/blog\/wp-json\/wp\/v2\/media?parent=479"}],"wp:term":[{"taxonomy":"category","embeddable":true,"href":"https:\/\/matthieu.net\/blog\/wp-json\/wp\/v2\/categories?post=479"},{"taxonomy":"post_tag","embeddable":true,"href":"https:\/\/matthieu.net\/blog\/wp-json\/wp\/v2\/tags?post=479"}],"curies":[{"name":"wp","href":"https:\/\/api.w.org\/{rel}","templated":true}]}}