{"id":217,"date":"2006-10-07T18:10:06","date_gmt":"2006-10-07T13:10:06","guid":{"rendered":"http:\/\/matthieu.net\/blog\/belur\/"},"modified":"2007-02-03T10:32:12","modified_gmt":"2007-02-03T05:32:12","slug":"belur","status":"publish","type":"post","link":"https:\/\/matthieu.net\/blog\/belur\/","title":{"rendered":"Belur"},"content":{"rendered":"<p>A Belur nous visitons le temple Channekashava, lui aussi de la p\u00e9riode hoysala, un peu plus grand que celui d&#8217;Halebid. Cette fois, il y a pas mal de fid\u00e8les et de touristes (tous indiens les touristes, nous n&#8217;avons vu aucun blanc de la journ\u00e9e !).<\/p>\n<p><a href=\"http:\/\/www.flickr.com\/photos\/matthieu-aubry\/264939431\/\" class=\"tt-flickr\"><img loading=\"lazy\" decoding=\"async\" src=\"http:\/\/static.flickr.com\/117\/264939431_0e591ec13c.jpg\" alt=\"pa070364-1\" border=\"0\" height=\"375\" width=\"500\" \/><\/a><\/p>\n<p>autoportrait<\/p>\n<p>Je suis assez fan de cette photo ; qui a dit narcissisme ?? ;-)<\/p>\n<p><a href=\"http:\/\/www.flickr.com\/photos\/matthieu-aubry\/264939223\/\" class=\"tt-flickr\"><img loading=\"lazy\" decoding=\"async\" src=\"http:\/\/static.flickr.com\/81\/264939223_1fa03a056a.jpg\" alt=\"pa070349-1\" border=\"0\" height=\"375\" width=\"500\" \/><\/a><\/p>\n<p>photo de Touristes indiens qui visitent leur pays<\/p>\n<p><a href=\"http:\/\/www.flickr.com\/photos\/matthieu-aubry\/264939017\/\" class=\"tt-flickr\"><img loading=\"lazy\" decoding=\"async\" src=\"http:\/\/static.flickr.com\/104\/264939017_156323db27.jpg\" alt=\"pa070347-1\" border=\"0\" height=\"500\" width=\"367\" \/><\/a><\/p>\n<p>photo d&#8217;un Petit bout de chou devant l&#8217;entr\u00e9e du temple de Belur<\/p>\n<p><a href=\"http:\/\/www.flickr.com\/photos\/matthieu-aubry\/264938786\/\" class=\"tt-flickr\"><img loading=\"lazy\" decoding=\"async\" src=\"http:\/\/static.flickr.com\/95\/264938786_e758821468.jpg\" alt=\"pa070342-1\" border=\"0\" height=\"375\" width=\"500\" \/><\/a><\/p>\n<p>photo Macro, belur temple, karnakata<\/p>\n","protected":false},"excerpt":{"rendered":"<p>A Belur nous visitons le temple Channekashava, lui aussi de la p\u00e9riode hoysala, un peu plus grand que celui d&#8217;Halebid. Cette fois, il y a&#8230;<\/p>\n<div class=\"more-link-wrapper\"><a class=\"more-link\" href=\"https:\/\/matthieu.net\/blog\/belur\/\">Continue reading<span class=\"screen-reader-text\">Belur<\/span><\/a><\/div>\n","protected":false},"author":1,"featured_media":0,"comment_status":"open","ping_status":"open","sticky":false,"template":"","format":"standard","meta":{"footnotes":""},"categories":[3,8],"tags":[],"yoast_head":"<!-- This site is optimized with the Yoast SEO plugin v22.0 - https:\/\/yoast.com\/wordpress\/plugins\/seo\/ -->\n<title>Belur - Blog &amp; photos Matthieu<\/title>\n<meta name=\"robots\" content=\"index, follow, max-snippet:-1, max-image-preview:large, max-video-preview:-1\" \/>\n<link rel=\"canonical\" href=\"https:\/\/matthieu.net\/blog\/belur\/\" \/>\n<meta property=\"og:locale\" content=\"en_US\" \/>\n<meta property=\"og:type\" content=\"article\" \/>\n<meta property=\"og:title\" content=\"Belur - Blog &amp; photos Matthieu\" \/>\n<meta property=\"og:description\" content=\"A Belur nous visitons le temple Channekashava, lui aussi de la p\u00e9riode hoysala, un peu plus grand que celui d&#8217;Halebid. Cette fois, il y a&#8230;\" \/>\n<meta property=\"og:url\" content=\"https:\/\/matthieu.net\/blog\/belur\/\" \/>\n<meta property=\"og:site_name\" content=\"Blog &amp; photos Matthieu\" \/>\n<meta property=\"article:published_time\" content=\"2006-10-07T13:10:06+00:00\" \/>\n<meta property=\"article:modified_time\" content=\"2007-02-03T05:32:12+00:00\" \/>\n<meta property=\"og:image\" content=\"http:\/\/static.flickr.com\/117\/264939431_0e591ec13c.jpg\" \/>\n<meta name=\"author\" content=\"Matthieu\" \/>\n<meta name=\"twitter:label1\" content=\"Written by\" \/>\n\t<meta name=\"twitter:data1\" content=\"Matthieu\" \/>\n<script type=\"application\/ld+json\" class=\"yoast-schema-graph\">{\"@context\":\"https:\/\/schema.org\",\"@graph\":[{\"@type\":\"WebPage\",\"@id\":\"https:\/\/matthieu.net\/blog\/belur\/\",\"url\":\"https:\/\/matthieu.net\/blog\/belur\/\",\"name\":\"Belur - Blog &amp; photos Matthieu\",\"isPartOf\":{\"@id\":\"https:\/\/matthieu.net\/blog\/#website\"},\"datePublished\":\"2006-10-07T13:10:06+00:00\",\"dateModified\":\"2007-02-03T05:32:12+00:00\",\"author\":{\"@id\":\"https:\/\/matthieu.net\/blog\/#\/schema\/person\/e613051a0b59c0378de5a3da7f04c9c5\"},\"breadcrumb\":{\"@id\":\"https:\/\/matthieu.net\/blog\/belur\/#breadcrumb\"},\"inLanguage\":\"en-US\",\"potentialAction\":[{\"@type\":\"ReadAction\",\"target\":[\"https:\/\/matthieu.net\/blog\/belur\/\"]}]},{\"@type\":\"BreadcrumbList\",\"@id\":\"https:\/\/matthieu.net\/blog\/belur\/#breadcrumb\",\"itemListElement\":[{\"@type\":\"ListItem\",\"position\":1,\"name\":\"Home\",\"item\":\"https:\/\/matthieu.net\/blog\/\"},{\"@type\":\"ListItem\",\"position\":2,\"name\":\"Belur\"}]},{\"@type\":\"WebSite\",\"@id\":\"https:\/\/matthieu.net\/blog\/#website\",\"url\":\"https:\/\/matthieu.net\/blog\/\",\"name\":\"Blog &amp; photos Matthieu\",\"description\":\"Blog Voyages &amp; Photographies de Matthieu Aubry, fran\u00e7ais en Nouvelle Z\u00e9lande.\",\"potentialAction\":[{\"@type\":\"SearchAction\",\"target\":{\"@type\":\"EntryPoint\",\"urlTemplate\":\"https:\/\/matthieu.net\/blog\/?s={search_term_string}\"},\"query-input\":\"required name=search_term_string\"}],\"inLanguage\":\"en-US\"},{\"@type\":\"Person\",\"@id\":\"https:\/\/matthieu.net\/blog\/#\/schema\/person\/e613051a0b59c0378de5a3da7f04c9c5\",\"name\":\"Matthieu\",\"description\":\"Blog de Matthieu Aubry, actuellement en Inde \u00e0 l'IIT Chennai pour 1 an. Geek power!\",\"sameAs\":[\"http:\/\/matthieu.net\/\"],\"url\":\"https:\/\/matthieu.net\/blog\/author\/admin\/\"}]}<\/script>\n<!-- \/ Yoast SEO plugin. -->","yoast_head_json":{"title":"Belur - Blog &amp; photos Matthieu","robots":{"index":"index","follow":"follow","max-snippet":"max-snippet:-1","max-image-preview":"max-image-preview:large","max-video-preview":"max-video-preview:-1"},"canonical":"https:\/\/matthieu.net\/blog\/belur\/","og_locale":"en_US","og_type":"article","og_title":"Belur - Blog &amp; photos Matthieu","og_description":"A Belur nous visitons le temple Channekashava, lui aussi de la p\u00e9riode hoysala, un peu plus grand que celui d&#8217;Halebid. Cette fois, il y a&#8230;","og_url":"https:\/\/matthieu.net\/blog\/belur\/","og_site_name":"Blog &amp; photos Matthieu","article_published_time":"2006-10-07T13:10:06+00:00","article_modified_time":"2007-02-03T05:32:12+00:00","og_image":[{"url":"http:\/\/static.flickr.com\/117\/264939431_0e591ec13c.jpg"}],"author":"Matthieu","twitter_misc":{"Written by":"Matthieu"},"schema":{"@context":"https:\/\/schema.org","@graph":[{"@type":"WebPage","@id":"https:\/\/matthieu.net\/blog\/belur\/","url":"https:\/\/matthieu.net\/blog\/belur\/","name":"Belur - Blog &amp; photos Matthieu","isPartOf":{"@id":"https:\/\/matthieu.net\/blog\/#website"},"datePublished":"2006-10-07T13:10:06+00:00","dateModified":"2007-02-03T05:32:12+00:00","author":{"@id":"https:\/\/matthieu.net\/blog\/#\/schema\/person\/e613051a0b59c0378de5a3da7f04c9c5"},"breadcrumb":{"@id":"https:\/\/matthieu.net\/blog\/belur\/#breadcrumb"},"inLanguage":"en-US","potentialAction":[{"@type":"ReadAction","target":["https:\/\/matthieu.net\/blog\/belur\/"]}]},{"@type":"BreadcrumbList","@id":"https:\/\/matthieu.net\/blog\/belur\/#breadcrumb","itemListElement":[{"@type":"ListItem","position":1,"name":"Home","item":"https:\/\/matthieu.net\/blog\/"},{"@type":"ListItem","position":2,"name":"Belur"}]},{"@type":"WebSite","@id":"https:\/\/matthieu.net\/blog\/#website","url":"https:\/\/matthieu.net\/blog\/","name":"Blog &amp; photos Matthieu","description":"Blog Voyages &amp; Photographies de Matthieu Aubry, fran\u00e7ais en Nouvelle Z\u00e9lande.","potentialAction":[{"@type":"SearchAction","target":{"@type":"EntryPoint","urlTemplate":"https:\/\/matthieu.net\/blog\/?s={search_term_string}"},"query-input":"required name=search_term_string"}],"inLanguage":"en-US"},{"@type":"Person","@id":"https:\/\/matthieu.net\/blog\/#\/schema\/person\/e613051a0b59c0378de5a3da7f04c9c5","name":"Matthieu","description":"Blog de Matthieu Aubry, actuellement en Inde \u00e0 l'IIT Chennai pour 1 an. Geek power!","sameAs":["http:\/\/matthieu.net\/"],"url":"https:\/\/matthieu.net\/blog\/author\/admin\/"}]}},"_links":{"self":[{"href":"https:\/\/matthieu.net\/blog\/wp-json\/wp\/v2\/posts\/217"}],"collection":[{"href":"https:\/\/matthieu.net\/blog\/wp-json\/wp\/v2\/posts"}],"about":[{"href":"https:\/\/matthieu.net\/blog\/wp-json\/wp\/v2\/types\/post"}],"author":[{"embeddable":true,"href":"https:\/\/matthieu.net\/blog\/wp-json\/wp\/v2\/users\/1"}],"replies":[{"embeddable":true,"href":"https:\/\/matthieu.net\/blog\/wp-json\/wp\/v2\/comments?post=217"}],"version-history":[{"count":0,"href":"https:\/\/matthieu.net\/blog\/wp-json\/wp\/v2\/posts\/217\/revisions"}],"wp:attachment":[{"href":"https:\/\/matthieu.net\/blog\/wp-json\/wp\/v2\/media?parent=217"}],"wp:term":[{"taxonomy":"category","embeddable":true,"href":"https:\/\/matthieu.net\/blog\/wp-json\/wp\/v2\/categories?post=217"},{"taxonomy":"post_tag","embeddable":true,"href":"https:\/\/matthieu.net\/blog\/wp-json\/wp\/v2\/tags?post=217"}],"curies":[{"name":"wp","href":"https:\/\/api.w.org\/{rel}","templated":true}]}}